{"id":45,"date":"2009-07-06T21:41:00","date_gmt":"2009-07-06T21:41:00","guid":{"rendered":"http:\/\/blog.utp.edu.co\/700repart\/2009\/07\/06\/mapa-grafia-libro-geografia-y-pictograma\/"},"modified":"2011-02-18T15:40:51","modified_gmt":"2011-02-18T20:40:51","slug":"mapa-grafia-libro-geografia-y-pictograma","status":"publish","type":"post","link":"https:\/\/blog.utp.edu.co\/700repart\/mapa-grafia-libro-geografia-y-pictograma\/","title":{"rendered":"MAPA GRAF\u00cdA: LIBRO, GEOGRAF\u00cdA Y PICTOGRAMA"},"content":{"rendered":"<p style=\"text-align: center\"><a href=\"http:\/\/blog.utp.edu.co\/700repart\/files\/2009\/07\/grafos.jpg\"><img loading=\"lazy\" decoding=\"async\" class=\"aligncenter size-full wp-image-255\" src=\"http:\/\/blog.utp.edu.co\/700repart\/files\/2009\/07\/grafos.jpg\" alt=\"\" width=\"576\" height=\"432\" \/><\/a><\/p>\n<p>EL LIBRO- EL MAPA<br \/>\n( LIBRO: Las Coordenadas  de lo Visual)<br \/>\nImprontas Visuales &amp; Geograf\u00eda del Libro<br \/>\nTerritorio Gr\u00e1fico<br \/>\nLA Geograf\u00eda Fabulada<\/p>\n<p>SINOPSIS<br \/>\nEl Recorrido planteado aqu\u00ed sugiere tr\u00e1nsitos con sentido metaf\u00f3rico como estrategia descriptiva para evidenciar los trayectos por el espacio-LIBRO donde ineludiblemente se nos presenta un territorio al que igualmente le corresponde una cartograf\u00eda que es sin duda LA VISUAL, motivando as\u00ed el proyecto de construcci\u00f3n del libro arte, en el mapa de las coordenadas simb\u00f3licas.<\/p>\n<p>Carlos Alberto Hoyos<br \/>\n_______________________________________________________________<\/p>\n<p><em>SYNOPSIS<br \/>\nThe tour raised here suggests  metaphorical sense transits as a descriptive strategy to show  journeys through space-book where inevitably appears to us a territory area that also has a mapping that is undoubtedly THE VISUAL, thus motivating the construction project of the art book , in the symbolic coordinates map.<\/em>_________________________________________________________________________________<\/p>\n<p>COMENTARIO: a modo de l\u00edneas de desarrollo en la investigaci\u00f3n que realiza 700REPART, esbozamos aqui algunos contenidos que nos permitir\u00e1n abarcar propuestas de exposiciones, talleres, conferencias, acciones performativas , etc. para el encuentro Iberoamericano sobre libro de artista de 2010<\/p>\n<p><em>COMMENT: as development lines in the investigation conducted by 700REPART grup, we outline here some content that will enable us to embrace proposals for exhibitions, workshops, lectures, performative actions, etc. for  Ibero American  artist book meeting 2010<\/em><\/p>\n","protected":false},"excerpt":{"rendered":"<p>EL LIBRO- EL MAPA ( LIBRO: Las Coordenadas de lo Visual) Improntas Visuales &amp; Geograf\u00eda del Libro Territorio Gr\u00e1fico LA Geograf\u00eda Fabulada SINOPSIS El Recorrido planteado aqu\u00ed sugiere tr\u00e1nsitos con sentido metaf\u00f3rico como estrategia descriptiva para evidenciar los trayectos por el espacio-LIBRO donde ineludiblemente se nos presenta un territorio al [&hellip;]<\/p>\n","protected":false},"author":240,"featured_media":255,"comment_status":"open","ping_status":"open","sticky":false,"template":"","format":"standard","meta":{"footnotes":""},"categories":[2],"tags":[],"class_list":["post-45","post","type-post","status-publish","format-standard","has-post-thumbnail","hentry","category-sin-categoria"],"_links":{"self":[{"href":"https:\/\/blog.utp.edu.co\/700repart\/wp-json\/wp\/v2\/posts\/45","targetHints":{"allow":["GET"]}}],"collection":[{"href":"https:\/\/blog.utp.edu.co\/700repart\/wp-json\/wp\/v2\/posts"}],"about":[{"href":"https:\/\/blog.utp.edu.co\/700repart\/wp-json\/wp\/v2\/types\/post"}],"author":[{"embeddable":true,"href":"https:\/\/blog.utp.edu.co\/700repart\/wp-json\/wp\/v2\/users\/240"}],"replies":[{"embeddable":true,"href":"https:\/\/blog.utp.edu.co\/700repart\/wp-json\/wp\/v2\/comments?post=45"}],"version-history":[{"count":2,"href":"https:\/\/blog.utp.edu.co\/700repart\/wp-json\/wp\/v2\/posts\/45\/revisions"}],"predecessor-version":[{"id":257,"href":"https:\/\/blog.utp.edu.co\/700repart\/wp-json\/wp\/v2\/posts\/45\/revisions\/257"}],"wp:featuredmedia":[{"embeddable":true,"href":"https:\/\/blog.utp.edu.co\/700repart\/wp-json\/wp\/v2\/media\/255"}],"wp:attachment":[{"href":"https:\/\/blog.utp.edu.co\/700repart\/wp-json\/wp\/v2\/media?parent=45"}],"wp:term":[{"taxonomy":"category","embeddable":true,"href":"https:\/\/blog.utp.edu.co\/700repart\/wp-json\/wp\/v2\/categories?post=45"},{"taxonomy":"post_tag","embeddable":true,"href":"https:\/\/blog.utp.edu.co\/700repart\/wp-json\/wp\/v2\/tags?post=45"}],"curies":[{"name":"wp","href":"https:\/\/api.w.org\/{rel}","templated":true}]}}